{"id":1258,"date":"2026-06-23T11:15:09","date_gmt":"2026-06-23T09:15:09","guid":{"rendered":"https:\/\/www.cascinevica.com\/wordpress\/?p=1258"},"modified":"2026-07-27T16:36:53","modified_gmt":"2026-07-27T14:36:53","slug":"data-inizio-chiusura-estiva-centro-di-incontro-don-puglisi","status":"publish","type":"post","link":"https:\/\/www.cascinevica.com\/wordpress\/index.php\/2026\/06\/23\/data-inizio-chiusura-estiva-centro-di-incontro-don-puglisi\/","title":{"rendered":"Chiusura estiva Centro di Incontro &#8220;Don Puglisi&#8221;."},"content":{"rendered":"\n<div class=\"wp-block-media-text is-stacked-on-mobile\" style=\"grid-template-columns:40% auto\"><figure class=\"wp-block-media-text__media\"><a href=\"https:\/\/www.cascinevica.com\/wordpress\/wp-content\/uploads\/2026\/06\/Schermata-del-2026-07-27-16-36-30.png\" target=\"_blank\" rel=\" noreferrer noopener\"><img loading=\"lazy\" decoding=\"async\" width=\"1024\" height=\"723\" src=\"https:\/\/www.cascinevica.com\/wordpress\/wp-content\/uploads\/2026\/06\/Schermata-del-2026-07-27-16-36-30-1024x723.png\" alt=\"\" class=\"wp-image-1268 size-full\" srcset=\"https:\/\/www.cascinevica.com\/wordpress\/wp-content\/uploads\/2026\/06\/Schermata-del-2026-07-27-16-36-30-1024x723.png 1024w, https:\/\/www.cascinevica.com\/wordpress\/wp-content\/uploads\/2026\/06\/Schermata-del-2026-07-27-16-36-30-300x212.png 300w, https:\/\/www.cascinevica.com\/wordpress\/wp-content\/uploads\/2026\/06\/Schermata-del-2026-07-27-16-36-30-768x542.png 768w, https:\/\/www.cascinevica.com\/wordpress\/wp-content\/uploads\/2026\/06\/Schermata-del-2026-07-27-16-36-30.png 1123w\" sizes=\"auto, (max-width: 1024px) 100vw, 1024px\" \/><\/a><\/figure><div class=\"wp-block-media-text__content\">\n<p class=\"wp-block-paragraph\"><strong>Estate 2026<\/strong><br>Avvisiamo la cittadinanza che per questa stagione estiva il Centro di Incontro Comunale &#8220;Don Puglisi&#8221; rester\u00e0 chiuso a partire da sabato 25 luglio 2026 fino a domenica 6 settembre: riaprir\u00e0 quindi <strong>luned\u00ec 7 settembre 2026.<\/strong><br>Buone ferie a tutti!<\/p>\n<\/div><\/div>\n\n\n\n<p class=\"wp-block-paragraph\"><\/p>\n","protected":false},"excerpt":{"rendered":"<p>Estate 2026Avvisiamo la cittadinanza che per questa stagione estiva il Centro di Incontro Comunale &#8220;Don Puglisi&#8221; rester\u00e0 chiuso a partire da sabato 25 luglio 2026 fino a domenica 6 settembre: riaprir\u00e0 quindi luned\u00ec 7 settembre 2026.Buone ferie a tutti!<\/p>\n","protected":false},"author":1,"featured_media":0,"comment_status":"open","ping_status":"open","sticky":false,"template":"","format":"standard","meta":{"_monsterinsights_skip_tracking":false,"footnotes":""},"categories":[1],"tags":[],"class_list":["post-1258","post","type-post","status-publish","format-standard","hentry","category-senza-categoria"],"_links":{"self":[{"href":"https:\/\/www.cascinevica.com\/wordpress\/index.php\/wp-json\/wp\/v2\/posts\/1258","targetHints":{"allow":["GET"]}}],"collection":[{"href":"https:\/\/www.cascinevica.com\/wordpress\/index.php\/wp-json\/wp\/v2\/posts"}],"about":[{"href":"https:\/\/www.cascinevica.com\/wordpress\/index.php\/wp-json\/wp\/v2\/types\/post"}],"author":[{"embeddable":true,"href":"https:\/\/www.cascinevica.com\/wordpress\/index.php\/wp-json\/wp\/v2\/users\/1"}],"replies":[{"embeddable":true,"href":"https:\/\/www.cascinevica.com\/wordpress\/index.php\/wp-json\/wp\/v2\/comments?post=1258"}],"version-history":[{"count":5,"href":"https:\/\/www.cascinevica.com\/wordpress\/index.php\/wp-json\/wp\/v2\/posts\/1258\/revisions"}],"predecessor-version":[{"id":1269,"href":"https:\/\/www.cascinevica.com\/wordpress\/index.php\/wp-json\/wp\/v2\/posts\/1258\/revisions\/1269"}],"wp:attachment":[{"href":"https:\/\/www.cascinevica.com\/wordpress\/index.php\/wp-json\/wp\/v2\/media?parent=1258"}],"wp:term":[{"taxonomy":"category","embeddable":true,"href":"https:\/\/www.cascinevica.com\/wordpress\/index.php\/wp-json\/wp\/v2\/categories?post=1258"},{"taxonomy":"post_tag","embeddable":true,"href":"https:\/\/www.cascinevica.com\/wordpress\/index.php\/wp-json\/wp\/v2\/tags?post=1258"}],"curies":[{"name":"wp","href":"https:\/\/api.w.org\/{rel}","templated":true}]}}